{"id":6,"date":"2014-11-06T13:53:48","date_gmt":"2014-11-06T13:53:48","guid":{"rendered":"http:\/\/blogg.folkuniversitetet.nu\/spanska\/?p=6"},"modified":"2014-12-14T19:07:51","modified_gmt":"2014-12-14T19:07:51","slug":"bienvenidos","status":"publish","type":"post","link":"https:\/\/blogg.folkuniversitetet.nu\/spanska\/2014\/11\/06\/bienvenidos\/","title":{"rendered":"Bienvenidos"},"content":{"rendered":"<p>\u00a1Bienvenidos al blog de espa\u00f1ol de Folkuniversitetet en G\u00f6teborg!<\/p>\n<p>Aqu\u00ed podr\u00e1s encontrar informaci\u00f3n sobre tus cursos de espa\u00f1ol y tambi\u00e9n informaci\u00f3n \u00fatil sobre la lengua y la cultura de Espa\u00f1a y Latinoam\u00e9rica.<\/p>\n<p>\u00a1Nos vemos en clase!<\/p>\n<p><em>V\u00e4lkomna till spanskabloggen fr\u00e5n Folkuniversitetet i G\u00f6teborg!<\/em><\/p>\n<p><em>H\u00e4r kan du hitta information om dina kurser och information om spr\u00e5ket och kulturen i Spanien och Latinamerika.<\/em><\/p>\n<p><em>Vi ses i klassrummet!<\/em><\/p>\n","protected":false},"excerpt":{"rendered":"<p>\u00a1Bienvenidos al blog de espa\u00f1ol de Folkuniversitetet en G\u00f6teborg! Aqu\u00ed podr\u00e1s encontrar informaci\u00f3n sobre tus cursos de espa\u00f1ol y tambi\u00e9n informaci\u00f3n \u00fatil sobre la lengua y la cultura de Espa\u00f1a y Latinoam\u00e9rica. \u00a1Nos vemos en clase! V\u00e4lkomna till spanskabloggen fr\u00e5n &hellip; <a href=\"https:\/\/blogg.folkuniversitetet.nu\/spanska\/2014\/11\/06\/bienvenidos\/\">Forts\u00e4tt l\u00e4sa <span class=\"meta-nav\">&rarr;<\/span><\/a><\/p>\n","protected":false},"author":254,"featured_media":0,"comment_status":"open","ping_status":"open","sticky":true,"template":"","format":"standard","meta":{"footnotes":""},"categories":[5,1],"tags":[],"class_list":["post-6","post","type-post","status-publish","format-standard","hentry","category-grupp-1","category-uncategorized"],"_links":{"self":[{"href":"https:\/\/blogg.folkuniversitetet.nu\/spanska\/wp-json\/wp\/v2\/posts\/6","targetHints":{"allow":["GET"]}}],"collection":[{"href":"https:\/\/blogg.folkuniversitetet.nu\/spanska\/wp-json\/wp\/v2\/posts"}],"about":[{"href":"https:\/\/blogg.folkuniversitetet.nu\/spanska\/wp-json\/wp\/v2\/types\/post"}],"author":[{"embeddable":true,"href":"https:\/\/blogg.folkuniversitetet.nu\/spanska\/wp-json\/wp\/v2\/users\/254"}],"replies":[{"embeddable":true,"href":"https:\/\/blogg.folkuniversitetet.nu\/spanska\/wp-json\/wp\/v2\/comments?post=6"}],"version-history":[{"count":7,"href":"https:\/\/blogg.folkuniversitetet.nu\/spanska\/wp-json\/wp\/v2\/posts\/6\/revisions"}],"predecessor-version":[{"id":215,"href":"https:\/\/blogg.folkuniversitetet.nu\/spanska\/wp-json\/wp\/v2\/posts\/6\/revisions\/215"}],"wp:attachment":[{"href":"https:\/\/blogg.folkuniversitetet.nu\/spanska\/wp-json\/wp\/v2\/media?parent=6"}],"wp:term":[{"taxonomy":"category","embeddable":true,"href":"https:\/\/blogg.folkuniversitetet.nu\/spanska\/wp-json\/wp\/v2\/categories?post=6"},{"taxonomy":"post_tag","embeddable":true,"href":"https:\/\/blogg.folkuniversitetet.nu\/spanska\/wp-json\/wp\/v2\/tags?post=6"}],"curies":[{"name":"wp","href":"https:\/\/api.w.org\/{rel}","templated":true}]}}