{"id":929,"date":"2014-10-30T07:13:30","date_gmt":"2014-10-30T06:13:30","guid":{"rendered":"http:\/\/blogg.folkuniversitetet.nu\/japanska\/?p=929"},"modified":"2014-10-30T07:13:30","modified_gmt":"2014-10-30T06:13:30","slug":"%e3%81%8a%e3%81%8d%e3%81%aa%e3%82%8f-okinawa","status":"publish","type":"post","link":"https:\/\/blogg.folkuniversitetet.nu\/japanska\/%e3%81%8a%e3%81%8d%e3%81%aa%e3%82%8f-okinawa\/","title":{"rendered":"\u304a\u304d\u306a\u308f okinawa"},"content":{"rendered":"<p>\u3076\u3093\u304b\u306f\u3001\u3061\u3085\u3046\u3054\u304f\u306e\u3048\u3044\u304d\u3087\u3046\u304c\u3000\u304a\u304a\u304d\u3044\u3067\u3059\u3002bunka wa ch\u00fagoku-no eiky\u00f3 ga ookii desu.<\/p>\n<p>1972\u306d\u3093\u307e\u3067\u3000\u30a2\u30e1\u30ea\u30ab\u306e\u3044\u3061\u3076\u3067\u3057\u305f\u30021972-nen made amerika-no ichibu deshita.<\/p>\n<p>\u3060\u304b\u3089\u3001\u30a2\u30e1\u30ea\u30ab\u306e\u3048\u3044\u304d\u3087\u3046\u3082\u3000\u3042\u308a\u307e\u3059\u3002dakara, amerika-no eiky\u00f3 mo arimasu.<\/p>\n<p><img loading=\"lazy\" decoding=\"async\" class=\"alignnone\" src=\"http:\/\/www.jnto.go.jp\/eng\/location\/regional\/okinawa\/img\/okinawa_index1.jpg\" alt=\"\" width=\"180\" height=\"128\" \/>\u00a0<img loading=\"lazy\" decoding=\"async\" class=\"alignnone\" src=\"http:\/\/www.jnto.go.jp\/eng\/location\/regional\/okinawa\/img\/naha_01.jpg\" alt=\"\" width=\"192\" height=\"128\" \/><\/p>\n<p>\u304a\u304d\u306a\u308f\u306e\u3053\u3068\u3070\u306f\u3001\u306b\u307b\u3093\u3054\u306e\u3057\u3093\u305b\u304d\u3067\u3059\u3002okinawa-no kotoba wa nihongo-no shinseki desu.<\/p>\n<p>\u307b\u3046\u3052\u3093\u3067\u306f\u3042\u308a\u307e\u305b\u3093\u3002h\u00f3gen dewa arimasen.<\/p>\n<p>Kulturellt har Kina har en stark p\u00e5verkan p\u00e5 Okinawa, f\u00f6r Okinawa ligger n\u00e4ra Kina. Men USA har ocks\u00e5, f\u00f6r Okinawa var ockuperad av USA till 1972 efter andra v\u00e4rldskriget (FK: Mainland Japan var ockuperad mellan 1945 och 1951). Det finns fortfarande m\u00e5nga amerikanska baser p\u00e5 Okinawa, tyv\u00e4rr.<\/p>\n<p><a href=\"http:\/\/www.jnto.go.jp\/eng\/location\/regional\/okinawa\/\">http:\/\/www.jnto.go.jp\/eng\/location\/regional\/okinawa\/<\/a><\/p>\n<p>&#8220;Ryukyuan languages&#8221; \u00e4r Okinawas spr\u00e5k och r\u00e4knas som ett eget spr\u00e5k som \u00e4r besl\u00e4ktad till japanska.<\/p>\n<p><a href=\"http:\/\/en.wikipedia.org\/wiki\/Ryukyuan_languages\">http:\/\/en.wikipedia.org\/wiki\/Ryukyuan_languages<\/a><\/p>\n","protected":false},"excerpt":{"rendered":"<p>\u3076\u3093\u304b\u306f\u3001\u3061\u3085\u3046\u3054\u304f\u306e\u3048\u3044\u304d\u3087\u3046\u304c\u3000\u304a\u304a\u304d\u3044\u3067\u3059\u3002bunka wa ch\u00fagoku-no eiky\u00f3 ga ookii desu. 1972\u306d\u3093\u307e\u3067\u3000\u30a2\u30e1\u30ea\u30ab\u306e\u3044\u3061\u3076\u3067\u3057\u305f\u30021972-nen made amerika-no ichibu deshita. \u3060\u304b\u3089\u3001\u30a2\u30e1\u30ea\u30ab\u306e\u3048\u3044\u304d\u3087\u3046\u3082\u3000\u3042\u308a\u307e\u3059\u3002dakara, amerika-no eiky\u00f3 mo arimasu. \u00a0 \u304a\u304d\u306a\u308f\u306e\u3053\u3068\u3070\u306f\u3001\u306b\u307b\u3093\u3054\u306e\u3057\u3093\u305b\u304d\u3067\u3059\u3002okinawa-no kotoba wa nihongo-no shinseki desu. \u307b\u3046\u3052\u3093\u3067\u306f\u3042\u308a\u307e\u305b\u3093\u3002h\u00f3gen dewa arimasen. Kulturellt har Kina har en stark p\u00e5verkan p\u00e5 Okinawa, f\u00f6r Okinawa ligger n\u00e4ra &hellip; <a href=\"https:\/\/blogg.folkuniversitetet.nu\/japanska\/%e3%81%8a%e3%81%8d%e3%81%aa%e3%82%8f-okinawa\/\">Continue reading <span class=\"meta-nav\">&rarr;<\/span><\/a><\/p>\n","protected":false},"author":4,"featured_media":0,"comment_status":"open","ping_status":"open","sticky":false,"template":"","format":"standard","meta":{"footnotes":""},"categories":[1],"tags":[],"class_list":["post-929","post","type-post","status-publish","format-standard","hentry","category-home"],"_links":{"self":[{"href":"https:\/\/blogg.folkuniversitetet.nu\/japanska\/wp-json\/wp\/v2\/posts\/929","targetHints":{"allow":["GET"]}}],"collection":[{"href":"https:\/\/blogg.folkuniversitetet.nu\/japanska\/wp-json\/wp\/v2\/posts"}],"about":[{"href":"https:\/\/blogg.folkuniversitetet.nu\/japanska\/wp-json\/wp\/v2\/types\/post"}],"author":[{"embeddable":true,"href":"https:\/\/blogg.folkuniversitetet.nu\/japanska\/wp-json\/wp\/v2\/users\/4"}],"replies":[{"embeddable":true,"href":"https:\/\/blogg.folkuniversitetet.nu\/japanska\/wp-json\/wp\/v2\/comments?post=929"}],"version-history":[{"count":1,"href":"https:\/\/blogg.folkuniversitetet.nu\/japanska\/wp-json\/wp\/v2\/posts\/929\/revisions"}],"predecessor-version":[{"id":930,"href":"https:\/\/blogg.folkuniversitetet.nu\/japanska\/wp-json\/wp\/v2\/posts\/929\/revisions\/930"}],"wp:attachment":[{"href":"https:\/\/blogg.folkuniversitetet.nu\/japanska\/wp-json\/wp\/v2\/media?parent=929"}],"wp:term":[{"taxonomy":"category","embeddable":true,"href":"https:\/\/blogg.folkuniversitetet.nu\/japanska\/wp-json\/wp\/v2\/categories?post=929"},{"taxonomy":"post_tag","embeddable":true,"href":"https:\/\/blogg.folkuniversitetet.nu\/japanska\/wp-json\/wp\/v2\/tags?post=929"}],"curies":[{"name":"wp","href":"https:\/\/api.w.org\/{rel}","templated":true}]}}