{"id":880,"date":"2014-10-26T11:27:24","date_gmt":"2014-10-26T10:27:24","guid":{"rendered":"http:\/\/blogg.folkuniversitetet.nu\/japanska\/?p=880"},"modified":"2014-10-26T11:27:49","modified_gmt":"2014-10-26T10:27:49","slug":"om-er-studie-i-japanska-del2","status":"publish","type":"post","link":"https:\/\/blogg.folkuniversitetet.nu\/japanska\/om-er-studie-i-japanska-del2\/","title":{"rendered":"Om er studie i japanska del2"},"content":{"rendered":"<p>Det h\u00e4r \u00e4r en uppf\u00f6ljning av mitt inl\u00e4gg f\u00f6rra veckan.<\/p>\n<p><a href=\"http:\/\/blogg.folkuniversitetet.nu\/japanska\/om-er-studie-i-japanska\/\">http:\/\/blogg.folkuniversitetet.nu\/japanska\/om-er-studie-i-japanska\/<\/a><\/p>\n<p>Jag skrev grovt 3 tendenser:<\/p>\n<ol>\n<li>Hur ni erfarit studier i fr\u00e4mmande spr\u00e5k tidigare p\u00e5verkar er studie i japanska.<\/li>\n<li>F\u00f6rs\u00f6ka f\u00f6rst\u00e5 japanska grammatiken p\u00e5 ord-niv\u00e5n.<\/li>\n<li>Sikta inte p\u00e5 att g\u00f6ra dig f\u00f6rst\u00e5dd bara.<\/li>\n<\/ol>\n<h4>re: 3,<\/h4>\n<p>Om du siktar bara p\u00e5 CEFR A-niv\u00e5 (= JLPT N4-5), d\u00e5 kan m\u00e5let som \u201csikta p\u00e5 att g\u00f6ra dig f\u00f6rst\u00e5dd\u201d delvis fungera.<\/p>\n<p><span style=\"color: #0000ff\">CEFR<\/span><br \/>\n<a href=\"http:\/\/www.coe.int\/t\/dg4\/education\/elp\/elp-reg\/cefr_EN.asp\">http:\/\/www.coe.int\/t\/dg4\/education\/elp\/elp-reg\/cefr_EN.asp<\/a><\/p>\n<p><span style=\"color: #0000ff\">JLPT<\/span><br \/>\n<a href=\"http:\/\/www.jlpt.jp\/e\/about\/levelsummary.html\">http:\/\/www.jlpt.jp\/e\/about\/levelsummary.html<\/a><\/p>\n<p>&nbsp;<\/p>\n<p>Och om du planerar studera i ngn spr\u00e5kskola i Japan, v\u00e4lj r\u00e4tt enligt ditt behov.<br \/>\nDet \u00e4r m\u00e5nga koreaner och kineser som studerar f\u00f6r universitetsintr\u00e4de (FK: N1 i JLPT kr\u00e4vs).<\/p>\n<ul>\n<li>Koreanska \u00e4r n\u00e4ra japanska och de plockar upp japanska v\u00e4ldigt l\u00e4tt precis som ni, inf\u00f6dd-talare i svenska, l\u00e4tt plockar upp engelska. D\u00e4remot kan kineser kanji fast de k\u00e4mpar med japansk grammatik som ni.<\/li>\n<li>I termer av attityder mot studier, har Confucianism stark p\u00e5verkan i b\u00e5da Korea och Kina och Japan. Det kan betyda att undervisning kan g\u00e5 i en s\u00e5dan takt, l\u00e4rare kan f\u00f6rutse h\u00e5rda anstr\u00e4ngningar p\u00e5 elevsidan.<\/li>\n<\/ul>\n<p>&nbsp;<\/p>\n<p>S\u00e5 det finns en risk ni som har lingvistiska nackdelar kan ha v\u00e4ldigt sv\u00e5rt att studera i en s\u00e5dan milj\u00f6.<\/p>\n<p><a href=\"http:\/\/en.wikipedia.org\/wiki\/Confucianism\">http:\/\/en.wikipedia.org\/wiki\/Confucianism<\/a><br \/>\nQ: Vilka skolor har mer europeiska elever?<\/p>\n<p>t.ex.<\/p>\n<p>A1:<\/p>\n<p><img loading=\"lazy\" decoding=\"async\" class=\"alignnone\" src=\"http:\/\/www.kudan-japanese-school.com\/img\/common\/header\/header_logo.gif\" alt=\"\" width=\"351\" height=\"39\" \/><\/p>\n<p><a href=\"http:\/\/www.kudan-japanese-school.com\/jp\/student.php\">http:\/\/www.kudan-japanese-school.com\/jp\/student.php<\/a><\/p>\n<ul>\n<li>Denna skola h\u00f6r till Association for the Promotion of Japanese Language Education och hj\u00e4lpa er att ta student visum.<\/li>\n<\/ul>\n<p>A2:<\/p>\n<p><img loading=\"lazy\" decoding=\"async\" class=\"alignnone\" src=\"http:\/\/www.genkijacs.com\/images\/logo.png\" alt=\"\" width=\"246\" height=\"102\" \/><\/p>\n<p><a href=\"http:\/\/www.genkijacs.com\/index.htm\">http:\/\/www.genkijacs.com\/index.htm<\/a><\/p>\n<ul>\n<li>Denna skola kan inte hj\u00e4lpa er att ta student visum och passar b\u00e4st n\u00e4r du vill studera mindre \u00e4n 3 m\u00e5nader.<\/li>\n<li><span style=\"color: #0000ff\">FUs Internationella Skolor<\/span> kan arrangera din resa!<\/li>\n<\/ul>\n<p><a href=\"http:\/\/www.is.se\/Page1057.aspx\">http:\/\/www.is.se\/Page1057.aspx<\/a><\/p>\n<p>&nbsp;<\/p>\n<p>Kombinera g\u00e4rna med \u201chomestay\u201d eller \u201cshared house-stay\u201d s\u00e5 att du kan till\u00e4mpa kunskap till praktik.<\/p>\n","protected":false},"excerpt":{"rendered":"<p>Det h\u00e4r \u00e4r en uppf\u00f6ljning av mitt inl\u00e4gg f\u00f6rra veckan. http:\/\/blogg.folkuniversitetet.nu\/japanska\/om-er-studie-i-japanska\/ Jag skrev grovt 3 tendenser: Hur ni erfarit studier i fr\u00e4mmande spr\u00e5k tidigare p\u00e5verkar er studie i japanska. F\u00f6rs\u00f6ka f\u00f6rst\u00e5 japanska grammatiken p\u00e5 ord-niv\u00e5n. Sikta inte p\u00e5 att g\u00f6ra &hellip; <a href=\"https:\/\/blogg.folkuniversitetet.nu\/japanska\/om-er-studie-i-japanska-del2\/\">Continue reading <span class=\"meta-nav\">&rarr;<\/span><\/a><\/p>\n","protected":false},"author":4,"featured_media":0,"comment_status":"open","ping_status":"open","sticky":false,"template":"","format":"standard","meta":{"footnotes":""},"categories":[1],"tags":[],"class_list":["post-880","post","type-post","status-publish","format-standard","hentry","category-home"],"_links":{"self":[{"href":"https:\/\/blogg.folkuniversitetet.nu\/japanska\/wp-json\/wp\/v2\/posts\/880","targetHints":{"allow":["GET"]}}],"collection":[{"href":"https:\/\/blogg.folkuniversitetet.nu\/japanska\/wp-json\/wp\/v2\/posts"}],"about":[{"href":"https:\/\/blogg.folkuniversitetet.nu\/japanska\/wp-json\/wp\/v2\/types\/post"}],"author":[{"embeddable":true,"href":"https:\/\/blogg.folkuniversitetet.nu\/japanska\/wp-json\/wp\/v2\/users\/4"}],"replies":[{"embeddable":true,"href":"https:\/\/blogg.folkuniversitetet.nu\/japanska\/wp-json\/wp\/v2\/comments?post=880"}],"version-history":[{"count":2,"href":"https:\/\/blogg.folkuniversitetet.nu\/japanska\/wp-json\/wp\/v2\/posts\/880\/revisions"}],"predecessor-version":[{"id":882,"href":"https:\/\/blogg.folkuniversitetet.nu\/japanska\/wp-json\/wp\/v2\/posts\/880\/revisions\/882"}],"wp:attachment":[{"href":"https:\/\/blogg.folkuniversitetet.nu\/japanska\/wp-json\/wp\/v2\/media?parent=880"}],"wp:term":[{"taxonomy":"category","embeddable":true,"href":"https:\/\/blogg.folkuniversitetet.nu\/japanska\/wp-json\/wp\/v2\/categories?post=880"},{"taxonomy":"post_tag","embeddable":true,"href":"https:\/\/blogg.folkuniversitetet.nu\/japanska\/wp-json\/wp\/v2\/tags?post=880"}],"curies":[{"name":"wp","href":"https:\/\/api.w.org\/{rel}","templated":true}]}}