{"id":1922,"date":"2015-05-03T20:39:58","date_gmt":"2015-05-03T19:39:58","guid":{"rendered":"http:\/\/blogg.folkuniversitetet.nu\/japanska\/?p=1922"},"modified":"2015-05-03T20:39:58","modified_gmt":"2015-05-03T19:39:58","slug":"sprakcafe-06-majon-kl-18","status":"publish","type":"post","link":"https:\/\/blogg.folkuniversitetet.nu\/japanska\/sprakcafe-06-majon-kl-18\/","title":{"rendered":"Spr\u00e5kcaf\u00e9: 06 maj(on) kl.18!"},"content":{"rendered":"<h4>&#8212;P\u00c5MINNELSE&#8212;<\/h4>\n<p><strong>re:\u00a0Spr\u00e5kcaf\u00e9,<\/strong><\/p>\n<p>Nu p\u00e5 onsdag, 06 maj kl.18!!!<\/p>\n<p>&nbsp;<\/p>\n<h5><span style=\"text-decoration: underline\"><em>TIPS:<\/em><\/span><\/h5>\n<p>1. F\u00f6rbered ett par &#8220;mini-mini speeches&#8221; om din hobby, resor, h\u00e4ndelser osv..<\/p>\n<p style=\"padding-left: 30px\">Q:\u00a0\u00a0\u00a0\u00a0Varf\u00f6r?<\/p>\n<p style=\"padding-left: 30px\">A:\u00a0\u00a0\u00a0\u00a0D\u00e5 kan du minst veta vilka ordf\u00f6rr\u00e5d du skulle beh\u00f6va f\u00f6r\u00a0att snacka.<\/p>\n<p>2. Ta med dig foto (i mobilen t.ex.), manga, tidsskrifter osv.du gillar.<\/p>\n<p style=\"padding-left: 30px\">Q2:\u00a0\u00a0\u00a0\u00a0Varf\u00f6r?<\/p>\n<p style=\"padding-left: 30px\">A2:\u00a0\u00a0\u00a0\u00a0De fungerar som &#8220;visual aids&#8221; samt &#8220;inspiration&#8221; f\u00f6r samtal.<\/p>\n<p>&nbsp;<\/p>\n<h5><span style=\"text-decoration: underline\"><em>JAPANSKA DELTAGARE:<\/em><\/span><\/h5>\n<p>Det kan bli ngr p\u00e5 plats och 3 universitetsstudenter i Japan via Skype eller ngt.<\/p>\n<p>\u304c\u3093\u3070\u3063\u3066\u304f\u3060\u3055\u3044\u3002(^^)<\/p>\n<div>\u3058\u3083\u3001\u307e\u305f\u3000\u3059\u3044\u3088\u3046\u3073\u306b\uff01<\/div>\n","protected":false},"excerpt":{"rendered":"<p>&#8212;P\u00c5MINNELSE&#8212; re:\u00a0Spr\u00e5kcaf\u00e9, Nu p\u00e5 onsdag, 06 maj kl.18!!! &nbsp; TIPS: 1. F\u00f6rbered ett par &#8220;mini-mini speeches&#8221; om din hobby, resor, h\u00e4ndelser osv.. Q:\u00a0\u00a0\u00a0\u00a0Varf\u00f6r? A:\u00a0\u00a0\u00a0\u00a0D\u00e5 kan du minst veta vilka ordf\u00f6rr\u00e5d du skulle beh\u00f6va f\u00f6r\u00a0att snacka. 2. Ta med dig foto &hellip; <a href=\"https:\/\/blogg.folkuniversitetet.nu\/japanska\/sprakcafe-06-majon-kl-18\/\">Continue reading <span class=\"meta-nav\">&rarr;<\/span><\/a><\/p>\n","protected":false},"author":4,"featured_media":0,"comment_status":"open","ping_status":"open","sticky":false,"template":"","format":"standard","meta":{"footnotes":""},"categories":[1],"tags":[],"class_list":["post-1922","post","type-post","status-publish","format-standard","hentry","category-home"],"_links":{"self":[{"href":"https:\/\/blogg.folkuniversitetet.nu\/japanska\/wp-json\/wp\/v2\/posts\/1922","targetHints":{"allow":["GET"]}}],"collection":[{"href":"https:\/\/blogg.folkuniversitetet.nu\/japanska\/wp-json\/wp\/v2\/posts"}],"about":[{"href":"https:\/\/blogg.folkuniversitetet.nu\/japanska\/wp-json\/wp\/v2\/types\/post"}],"author":[{"embeddable":true,"href":"https:\/\/blogg.folkuniversitetet.nu\/japanska\/wp-json\/wp\/v2\/users\/4"}],"replies":[{"embeddable":true,"href":"https:\/\/blogg.folkuniversitetet.nu\/japanska\/wp-json\/wp\/v2\/comments?post=1922"}],"version-history":[{"count":1,"href":"https:\/\/blogg.folkuniversitetet.nu\/japanska\/wp-json\/wp\/v2\/posts\/1922\/revisions"}],"predecessor-version":[{"id":1923,"href":"https:\/\/blogg.folkuniversitetet.nu\/japanska\/wp-json\/wp\/v2\/posts\/1922\/revisions\/1923"}],"wp:attachment":[{"href":"https:\/\/blogg.folkuniversitetet.nu\/japanska\/wp-json\/wp\/v2\/media?parent=1922"}],"wp:term":[{"taxonomy":"category","embeddable":true,"href":"https:\/\/blogg.folkuniversitetet.nu\/japanska\/wp-json\/wp\/v2\/categories?post=1922"},{"taxonomy":"post_tag","embeddable":true,"href":"https:\/\/blogg.folkuniversitetet.nu\/japanska\/wp-json\/wp\/v2\/tags?post=1922"}],"curies":[{"name":"wp","href":"https:\/\/api.w.org\/{rel}","templated":true}]}}