{"id":1512,"date":"2015-02-22T12:02:47","date_gmt":"2015-02-22T11:02:47","guid":{"rendered":"http:\/\/blogg.folkuniversitetet.nu\/japanska\/?p=1512"},"modified":"2015-02-22T12:02:47","modified_gmt":"2015-02-22T11:02:47","slug":"i-adj-men-%e3%80%9c%e3%81%aasubstantiv","status":"publish","type":"post","link":"https:\/\/blogg.folkuniversitetet.nu\/japanska\/i-adj-men-%e3%80%9c%e3%81%aasubstantiv\/","title":{"rendered":"i-adj., men \u301c\u306a+substantiv"},"content":{"rendered":"<p>i-adj. som \u304a\u304a\u304d\u3044, \u3061\u3044\u3055\u3044 kan ocks\u00e5 ha \u301c\u306a f\u00f6re substantiv, men<\/p>\n<ol>\n<li>Det betyder INTE att de ocks\u00e5 \u00e4r na-adj..<\/li>\n<li>\uff08\u304a\u304a\u304d\uff09\u3044 b\u00f6js, men inte \uff08\u304a\u304a\u304d\uff09\u306a.\n<p>\u304a\u304a\u304d\u3044\u3046\u3061<br \/>\n\u304a\u304a\u304d\u304f\u306a\u3044\u3046\u3061(huset som inte \u00e4r stort)<br \/>\n\u304a\u304a\u304d\u304b\u3063\u305f\u3046\u3061(huset som var stort)<br \/>\n\u304a\u304a\u304d\u304f\u306a\u304b\u3063\u305f\u3046\u3061(huset som inte var stort)<\/p>\n<p>\u304a\u304a\u304d<span style=\"color: #ff0000\">\u306a<\/span>\u3046\u3061<\/li>\n<li>Det finns en liten betydelseskillnad mellan 1)\uff08\u304a\u304a\u304d\uff09\u3044\/ 2)\uff08\u304a\u304a\u304d\uff09<span style=\"color: #ff0000\">\u306a<\/span>+substantiv.\n<p>1) objektivt<\/p>\n<p>\u304a\u304a\u304d\u3044\u3046\u3061 J\u00e4mf\u00f6rt med andra \u00e4r detta stort.<\/p>\n<p>2) subjektivt, k\u00e4nslom\u00e4ssigt<\/p>\n<p>\u304a\u304a\u304d<span style=\"color: #ff0000\">\u306a<\/span>\u3046\u3061 Talaren k\u00e4nde det var stort. Huset \u00e4r inte alltid stort.<\/li>\n<\/ol>\n","protected":false},"excerpt":{"rendered":"<p>i-adj. som \u304a\u304a\u304d\u3044, \u3061\u3044\u3055\u3044 kan ocks\u00e5 ha \u301c\u306a f\u00f6re substantiv, men Det betyder INTE att de ocks\u00e5 \u00e4r na-adj.. \uff08\u304a\u304a\u304d\uff09\u3044 b\u00f6js, men inte \uff08\u304a\u304a\u304d\uff09\u306a. \u304a\u304a\u304d\u3044\u3046\u3061 \u304a\u304a\u304d\u304f\u306a\u3044\u3046\u3061(huset som inte \u00e4r stort) \u304a\u304a\u304d\u304b\u3063\u305f\u3046\u3061(huset som var stort) \u304a\u304a\u304d\u304f\u306a\u304b\u3063\u305f\u3046\u3061(huset som inte var stort) \u304a\u304a\u304d\u306a\u3046\u3061 &hellip; <a href=\"https:\/\/blogg.folkuniversitetet.nu\/japanska\/i-adj-men-%e3%80%9c%e3%81%aasubstantiv\/\">Continue reading <span class=\"meta-nav\">&rarr;<\/span><\/a><\/p>\n","protected":false},"author":4,"featured_media":0,"comment_status":"open","ping_status":"open","sticky":false,"template":"","format":"standard","meta":{"footnotes":""},"categories":[1],"tags":[],"class_list":["post-1512","post","type-post","status-publish","format-standard","hentry","category-home"],"_links":{"self":[{"href":"https:\/\/blogg.folkuniversitetet.nu\/japanska\/wp-json\/wp\/v2\/posts\/1512","targetHints":{"allow":["GET"]}}],"collection":[{"href":"https:\/\/blogg.folkuniversitetet.nu\/japanska\/wp-json\/wp\/v2\/posts"}],"about":[{"href":"https:\/\/blogg.folkuniversitetet.nu\/japanska\/wp-json\/wp\/v2\/types\/post"}],"author":[{"embeddable":true,"href":"https:\/\/blogg.folkuniversitetet.nu\/japanska\/wp-json\/wp\/v2\/users\/4"}],"replies":[{"embeddable":true,"href":"https:\/\/blogg.folkuniversitetet.nu\/japanska\/wp-json\/wp\/v2\/comments?post=1512"}],"version-history":[{"count":1,"href":"https:\/\/blogg.folkuniversitetet.nu\/japanska\/wp-json\/wp\/v2\/posts\/1512\/revisions"}],"predecessor-version":[{"id":1513,"href":"https:\/\/blogg.folkuniversitetet.nu\/japanska\/wp-json\/wp\/v2\/posts\/1512\/revisions\/1513"}],"wp:attachment":[{"href":"https:\/\/blogg.folkuniversitetet.nu\/japanska\/wp-json\/wp\/v2\/media?parent=1512"}],"wp:term":[{"taxonomy":"category","embeddable":true,"href":"https:\/\/blogg.folkuniversitetet.nu\/japanska\/wp-json\/wp\/v2\/categories?post=1512"},{"taxonomy":"post_tag","embeddable":true,"href":"https:\/\/blogg.folkuniversitetet.nu\/japanska\/wp-json\/wp\/v2\/tags?post=1512"}],"curies":[{"name":"wp","href":"https:\/\/api.w.org\/{rel}","templated":true}]}}